{"id":121,"date":"2009-03-05T09:10:59","date_gmt":"2009-03-05T08:10:59","guid":{"rendered":"http:\/\/tesa.mankans.com\/?p=121"},"modified":"2009-03-05T09:10:59","modified_gmt":"2009-03-05T08:10:59","slug":"funderingar","status":"publish","type":"post","link":"https:\/\/tesa.mankans.com\/index.php\/2009\/03\/05\/funderingar\/","title":{"rendered":"Funderingar"},"content":{"rendered":"<p>Jag sitter h\u00e4r och funderar p\u00e5 om jag kanske ska baka kakor i morgon med choklad&#8230;\u00e4r lite i valet och kvalet. F\u00e5r se hur jag k\u00e4nner fram\u00e5t morgondagen. Sen funderar jag ocks\u00e5 p\u00e5 om jag ska k\u00f6pa mig en ny bok, l\u00e4ste ut min bok i f\u00f6rrg\u00e5r och i morse k\u00e4nde jag att jag saknade n\u00e5got att l\u00e4sa n\u00e4r jag \u00e5t frukost. N\u00e4r Tyra sover och jag \u00e4ter frukost eller lunch sj\u00e4lv tycker jag det \u00e4r mysigt med en bok. Just nu k\u00e4nner jag att en ny bok garanterat kommer f\u00e5 f\u00f6lja med hem i dag.<\/p>\n<p>I morse hade v\u00e5r lilla tjej ingen feber, det k\u00e4ndes sk\u00f6nt. Men sen f\u00e5r vi se om den kommer smygande tillbaka&#8230;hoppas dock att den har f\u00f6rsvunnit f\u00f6r gott denna g\u00e5ng. Men jag b\u00f6rjar tro att febern kom som en reaktion p\u00e5 sprutorna hon fick i tisdags. Jag hoppas ocks\u00e5 att hon inte f\u00e5r tillbaka febern f\u00f6r vi ska n\u00e4mligen ha barnvakt p\u00e5 l\u00f6rdag (f\u00f6r f\u00f6rsta g\u00e5ngen). Vi ska g\u00e5 ut och \u00e4ta och bara f\u00e5 umg\u00e5s som ett par. Ni f\u00e5r j\u00e4tte g\u00e4rna h\u00e5lla tummarna att febern h\u00e5ller sig borta :). Det \u00e4r mormor som ska sitta banrvakt, men har Tyra feber s\u00e5 har vi sagt att vi f\u00e5r skjuta p\u00e5 det till en annan g\u00e5ng.<\/p>\n","protected":false},"excerpt":{"rendered":"<p>Jag sitter h\u00e4r och funderar p\u00e5 om jag kanske ska baka kakor i morgon med choklad&#8230;\u00e4r lite i valet och kvalet. F\u00e5r se hur jag k\u00e4nner fram\u00e5t morgondagen. Sen funderar jag ocks\u00e5 p\u00e5 om jag ska k\u00f6pa mig en ny &hellip; <a href=\"https:\/\/tesa.mankans.com\/index.php\/2009\/03\/05\/funderingar\/\">Forts\u00e4tt l\u00e4sa <span class=\"meta-nav\">&rarr;<\/span><\/a><\/p>\n","protected":false},"author":1,"featured_media":0,"comment_status":"open","ping_status":"open","sticky":false,"template":"","format":"standard","meta":{"_jetpack_memberships_contains_paid_content":false,"footnotes":"","jetpack_publicize_message":"","jetpack_publicize_feature_enabled":true,"jetpack_social_post_already_shared":false,"jetpack_social_options":{"image_generator_settings":{"template":"highway","default_image_id":0,"font":"","enabled":false},"version":2}},"categories":[1],"tags":[],"class_list":["post-121","post","type-post","status-publish","format-standard","hentry","category-liteavvarje"],"jetpack_publicize_connections":[],"jetpack_featured_media_url":"","jetpack_sharing_enabled":true,"jetpack_shortlink":"https:\/\/wp.me\/p5kJ0p-1X","jetpack-related-posts":[],"_links":{"self":[{"href":"https:\/\/tesa.mankans.com\/index.php\/wp-json\/wp\/v2\/posts\/121","targetHints":{"allow":["GET"]}}],"collection":[{"href":"https:\/\/tesa.mankans.com\/index.php\/wp-json\/wp\/v2\/posts"}],"about":[{"href":"https:\/\/tesa.mankans.com\/index.php\/wp-json\/wp\/v2\/types\/post"}],"author":[{"embeddable":true,"href":"https:\/\/tesa.mankans.com\/index.php\/wp-json\/wp\/v2\/users\/1"}],"replies":[{"embeddable":true,"href":"https:\/\/tesa.mankans.com\/index.php\/wp-json\/wp\/v2\/comments?post=121"}],"version-history":[{"count":1,"href":"https:\/\/tesa.mankans.com\/index.php\/wp-json\/wp\/v2\/posts\/121\/revisions"}],"predecessor-version":[{"id":122,"href":"https:\/\/tesa.mankans.com\/index.php\/wp-json\/wp\/v2\/posts\/121\/revisions\/122"}],"wp:attachment":[{"href":"https:\/\/tesa.mankans.com\/index.php\/wp-json\/wp\/v2\/media?parent=121"}],"wp:term":[{"taxonomy":"category","embeddable":true,"href":"https:\/\/tesa.mankans.com\/index.php\/wp-json\/wp\/v2\/categories?post=121"},{"taxonomy":"post_tag","embeddable":true,"href":"https:\/\/tesa.mankans.com\/index.php\/wp-json\/wp\/v2\/tags?post=121"}],"curies":[{"name":"wp","href":"https:\/\/api.w.org\/{rel}","templated":true}]}}