{"id":1460,"date":"2012-11-25T10:06:16","date_gmt":"2012-11-25T09:06:16","guid":{"rendered":"http:\/\/tesa.mankans.com\/?p=1460"},"modified":"2012-11-25T10:06:16","modified_gmt":"2012-11-25T09:06:16","slug":"vackt","status":"publish","type":"post","link":"https:\/\/tesa.mankans.com\/index.php\/2012\/11\/25\/vackt\/","title":{"rendered":"V\u00e4ckt"},"content":{"rendered":"<p>Tidigt i morse blev jag v\u00e4ckt av Tyra som beh\u00f6vde g\u00e5 upp och kissa. Klockan var 04:20 och jag var mer d\u00f6d \u00e4n levande k\u00e4ndes det som. N\u00e4r hon \u00e4r klar s\u00e4ger jag till henne att hon ska sova och jag l\u00e5ter henne \u00e4ven lyssna p\u00e5 saga. Nu blir det inte s\u00e5 d\u00e5 hon ropar p\u00e5 mig var 10:e minut i en timmes tid. Kan inte s\u00e4ga att jag var \u00f6verdrivet glad \u00f6ver detta. Sista g\u00e5ngen hon ropade p\u00e5 mig bad jag Magnus g\u00e5 upp till henne. F\u00f6rsta g\u00e5ngen hon ropade beh\u00f6vde hon kissa, dem andra g\u00e5ngerna ville hon inget alls.<br \/>\nN\u00e4r jag blir v\u00e4ckt p\u00e5 n\u00e4tterna \u00e4r det inte av Meya utan av Tyra. Borde det inte vara tv\u00e4rtom? Jag gn\u00e4ller inte \u00f6ver att Meya sover s\u00e5 bra om n\u00e4tterna som hon g\u00f6r. Det jag vill \u00e4r att Tyra ska somna om och inte ropa n\u00e4r hon inte vill n\u00e5got.<\/p>\n","protected":false},"excerpt":{"rendered":"<p>Tidigt i morse blev jag v\u00e4ckt av Tyra som beh\u00f6vde g\u00e5 upp och kissa. Klockan var 04:20 och jag var mer d\u00f6d \u00e4n levande k\u00e4ndes det som. N\u00e4r hon \u00e4r klar s\u00e4ger jag till henne att hon ska sova och &hellip; <a href=\"https:\/\/tesa.mankans.com\/index.php\/2012\/11\/25\/vackt\/\">Forts\u00e4tt l\u00e4sa <span class=\"meta-nav\">&rarr;<\/span><\/a><\/p>\n","protected":false},"author":1,"featured_media":0,"comment_status":"open","ping_status":"open","sticky":false,"template":"","format":"standard","meta":{"_jetpack_memberships_contains_paid_content":false,"footnotes":"","jetpack_publicize_message":"","jetpack_publicize_feature_enabled":true,"jetpack_social_post_already_shared":false,"jetpack_social_options":{"image_generator_settings":{"template":"highway","default_image_id":0,"font":"","enabled":false},"version":2}},"categories":[1],"tags":[],"class_list":["post-1460","post","type-post","status-publish","format-standard","hentry","category-liteavvarje"],"jetpack_publicize_connections":[],"jetpack_featured_media_url":"","jetpack_sharing_enabled":true,"jetpack_shortlink":"https:\/\/wp.me\/s5kJ0p-vackt","jetpack-related-posts":[],"_links":{"self":[{"href":"https:\/\/tesa.mankans.com\/index.php\/wp-json\/wp\/v2\/posts\/1460","targetHints":{"allow":["GET"]}}],"collection":[{"href":"https:\/\/tesa.mankans.com\/index.php\/wp-json\/wp\/v2\/posts"}],"about":[{"href":"https:\/\/tesa.mankans.com\/index.php\/wp-json\/wp\/v2\/types\/post"}],"author":[{"embeddable":true,"href":"https:\/\/tesa.mankans.com\/index.php\/wp-json\/wp\/v2\/users\/1"}],"replies":[{"embeddable":true,"href":"https:\/\/tesa.mankans.com\/index.php\/wp-json\/wp\/v2\/comments?post=1460"}],"version-history":[{"count":1,"href":"https:\/\/tesa.mankans.com\/index.php\/wp-json\/wp\/v2\/posts\/1460\/revisions"}],"predecessor-version":[{"id":1461,"href":"https:\/\/tesa.mankans.com\/index.php\/wp-json\/wp\/v2\/posts\/1460\/revisions\/1461"}],"wp:attachment":[{"href":"https:\/\/tesa.mankans.com\/index.php\/wp-json\/wp\/v2\/media?parent=1460"}],"wp:term":[{"taxonomy":"category","embeddable":true,"href":"https:\/\/tesa.mankans.com\/index.php\/wp-json\/wp\/v2\/categories?post=1460"},{"taxonomy":"post_tag","embeddable":true,"href":"https:\/\/tesa.mankans.com\/index.php\/wp-json\/wp\/v2\/tags?post=1460"}],"curies":[{"name":"wp","href":"https:\/\/api.w.org\/{rel}","templated":true}]}}