{"id":158,"date":"2009-03-23T10:01:17","date_gmt":"2009-03-23T09:01:17","guid":{"rendered":"http:\/\/tesa.mankans.com\/?p=158"},"modified":"2009-03-23T10:01:17","modified_gmt":"2009-03-23T09:01:17","slug":"inte-latt","status":"publish","type":"post","link":"https:\/\/tesa.mankans.com\/index.php\/2009\/03\/23\/inte-latt\/","title":{"rendered":"Inte l\u00e4tt"},"content":{"rendered":"<p>I l\u00f6rdags hade vi Fanny med familj p\u00e5 bes\u00f6k och det var trevligt.<br \/>\nTyra ska dra alla hon tr\u00e4ffar i h\u00e5ret just nu, vi f\u00f6rs\u00f6ker f\u00e5 henne att sluta med det&#8230;men \u00e4n h\u00e5ller hon p\u00e5 och vi tjatar att s\u00e5 ska man inte g\u00f6ra. Hon f\u00f6rs\u00f6kte x antal g\u00e5nger dra Fanny i h\u00e5ret och d\u00e5 var jag d\u00e4r p\u00e5 en g\u00e5ng innan hon hann g\u00f6ra det. Men en av g\u00e5ngerna tittade jag bort i n\u00e5gon sekund och d\u00e5 drog hon till och Fanny blev ledsen. Jag\u00a0 &amp; Magnus har sj\u00e4lvklart huvud ansvaret f\u00f6r Tyra, men \u00e4r man ett s\u00e4llskap och dem ser att jag eller Magnus inte tittar p\u00e5 Tyra just kan man ju hj\u00e4lpa, eller? Dem visste att Tyra f\u00f6rs\u00f6kte dra Fanny i h\u00e5ret, men flyttade inte p\u00e5 Tyra den g\u00e5ngen jag hade v\u00e4nt bort huvudet.<\/p>\n<p>Ig\u00e5r var jag och k\u00f6pte ett regnst\u00e4ll till Tyra och det blev ett gr\u00f6nt.\u00a0 Men innan jag k\u00f6pte det stog jag och funderade p\u00e5 vilken storlek jag skulle k\u00f6pa&#8230;inte l\u00e4tt d\u00e5 det \u00e4r f\u00f6rsta g\u00e5ngen jag skulle k\u00f6pa ett. Jag t\u00e4nkte fr\u00e5ga n\u00e5gon i personalen om lite r\u00e5d, men det fanns ingen att fr\u00e5ga&#8230;.s\u00e5 jag besl\u00f6t mig f\u00f6r att ringa min sv\u00e4gerska (d\u00e5 hon har erfarenhet av detta). Tyra h\u00e5ller p\u00e5 att l\u00e4mna storlek 80 och g\u00e5 \u00f6ver till storlek 86. Det sa jag till sve\u00e4gerskan i telefon och den minsta storleken som fanns var 80 och n\u00e4sta blev 90. Fanns inget regnst\u00e4ll i storlek 86.\u00a0 Sv\u00e4gerskan rekommenderade d\u00e5 att jag skulle k\u00f6pa storlek 90 f\u00f6r det finns res\u00e5r nertill i benen p\u00e5 byxorna och man kan st\u00e4lla in h\u00e4ngslena, dessutom kommer hon ha jacka under. Jag tackade om k\u00f6pte ett regnst\u00e4ll i 90 storleken&#8230;nu hoppas jag bara att Tyra inte drunknar i det \ud83d\ude00<\/p>\n","protected":false},"excerpt":{"rendered":"<p>I l\u00f6rdags hade vi Fanny med familj p\u00e5 bes\u00f6k och det var trevligt. Tyra ska dra alla hon tr\u00e4ffar i h\u00e5ret just nu, vi f\u00f6rs\u00f6ker f\u00e5 henne att sluta med det&#8230;men \u00e4n h\u00e5ller hon p\u00e5 och vi tjatar att s\u00e5 &hellip; <a href=\"https:\/\/tesa.mankans.com\/index.php\/2009\/03\/23\/inte-latt\/\">Forts\u00e4tt l\u00e4sa <span class=\"meta-nav\">&rarr;<\/span><\/a><\/p>\n","protected":false},"author":1,"featured_media":0,"comment_status":"open","ping_status":"open","sticky":false,"template":"","format":"standard","meta":{"_jetpack_memberships_contains_paid_content":false,"footnotes":"","jetpack_publicize_message":"","jetpack_publicize_feature_enabled":true,"jetpack_social_post_already_shared":false,"jetpack_social_options":{"image_generator_settings":{"template":"highway","default_image_id":0,"font":"","enabled":false},"version":2}},"categories":[1],"tags":[],"class_list":["post-158","post","type-post","status-publish","format-standard","hentry","category-liteavvarje"],"jetpack_publicize_connections":[],"jetpack_featured_media_url":"","jetpack_sharing_enabled":true,"jetpack_shortlink":"https:\/\/wp.me\/p5kJ0p-2y","jetpack-related-posts":[],"_links":{"self":[{"href":"https:\/\/tesa.mankans.com\/index.php\/wp-json\/wp\/v2\/posts\/158","targetHints":{"allow":["GET"]}}],"collection":[{"href":"https:\/\/tesa.mankans.com\/index.php\/wp-json\/wp\/v2\/posts"}],"about":[{"href":"https:\/\/tesa.mankans.com\/index.php\/wp-json\/wp\/v2\/types\/post"}],"author":[{"embeddable":true,"href":"https:\/\/tesa.mankans.com\/index.php\/wp-json\/wp\/v2\/users\/1"}],"replies":[{"embeddable":true,"href":"https:\/\/tesa.mankans.com\/index.php\/wp-json\/wp\/v2\/comments?post=158"}],"version-history":[{"count":1,"href":"https:\/\/tesa.mankans.com\/index.php\/wp-json\/wp\/v2\/posts\/158\/revisions"}],"predecessor-version":[{"id":159,"href":"https:\/\/tesa.mankans.com\/index.php\/wp-json\/wp\/v2\/posts\/158\/revisions\/159"}],"wp:attachment":[{"href":"https:\/\/tesa.mankans.com\/index.php\/wp-json\/wp\/v2\/media?parent=158"}],"wp:term":[{"taxonomy":"category","embeddable":true,"href":"https:\/\/tesa.mankans.com\/index.php\/wp-json\/wp\/v2\/categories?post=158"},{"taxonomy":"post_tag","embeddable":true,"href":"https:\/\/tesa.mankans.com\/index.php\/wp-json\/wp\/v2\/tags?post=158"}],"curies":[{"name":"wp","href":"https:\/\/api.w.org\/{rel}","templated":true}]}}