{"id":1735,"date":"2014-03-21T12:13:44","date_gmt":"2014-03-21T11:13:44","guid":{"rendered":"http:\/\/tesa.mankans.com\/?p=1735"},"modified":"2014-03-21T12:13:44","modified_gmt":"2014-03-21T11:13:44","slug":"tyra-6-ar","status":"publish","type":"post","link":"https:\/\/tesa.mankans.com\/index.php\/2014\/03\/21\/tyra-6-ar\/","title":{"rendered":"Tyra 6 \u00e5r"},"content":{"rendered":"<p>F\u00f6rra veckan fyllde Tyra 6 \u00e5r, hon b\u00f6rjar verkligen bli stora tjejen.<br \/>\nT\u00e4nk att det redan g\u00e5tt sex \u00e5r sedan hon kom till oss&#8230;helt otroligt att det g\u00e5tt s\u00e5 snabbt.<br \/>\nI l\u00f6rdags hade vi kalas f\u00f6r kompisarna och \u00e4ven kusin Leah var med och det r\u00f6jdes f\u00f6r fulla muggar. Tyra var n\u00f6jd med sitt kalas och \u00f6ver alla presenter hon fick. Nu kan vi pyssla i hur m\u00e5nga\u00a0m\u00e5nader som helst fram \u00f6ver \ud83d\ude42<br \/>\nEfter kalaset med kompisarna kom mormor, morfar, morbror med familj \u00f6ver och firade henne. Det blev lite mer fika och stoj.<\/p>\n<p>Tack alla som kom och f\u00f6rgyllde Tyras dag!<\/p>\n<p>Vi har f\u00f6r \u00f6vrigt f\u00e5tt f\u00f6rskoleplats till Meya fr\u00e5n augusti, vilket k\u00e4nns j\u00e4tte bra. S\u00e5 fr\u00e5n augusti \u00e4r barnen samlade n\u00e4ra hemmet \ud83d\ude00<\/p>\n","protected":false},"excerpt":{"rendered":"<p>F\u00f6rra veckan fyllde Tyra 6 \u00e5r, hon b\u00f6rjar verkligen bli stora tjejen. T\u00e4nk att det redan g\u00e5tt sex \u00e5r sedan hon kom till oss&#8230;helt otroligt att det g\u00e5tt s\u00e5 snabbt. I l\u00f6rdags hade vi kalas f\u00f6r kompisarna och \u00e4ven kusin &hellip; <a href=\"https:\/\/tesa.mankans.com\/index.php\/2014\/03\/21\/tyra-6-ar\/\">Forts\u00e4tt l\u00e4sa <span class=\"meta-nav\">&rarr;<\/span><\/a><\/p>\n","protected":false},"author":1,"featured_media":0,"comment_status":"open","ping_status":"open","sticky":false,"template":"","format":"standard","meta":{"_jetpack_memberships_contains_paid_content":false,"footnotes":"","jetpack_publicize_message":"","jetpack_publicize_feature_enabled":true,"jetpack_social_post_already_shared":false,"jetpack_social_options":{"image_generator_settings":{"template":"highway","default_image_id":0,"font":"","enabled":false},"version":2}},"categories":[1],"tags":[],"class_list":["post-1735","post","type-post","status-publish","format-standard","hentry","category-liteavvarje"],"jetpack_publicize_connections":[],"jetpack_featured_media_url":"","jetpack_sharing_enabled":true,"jetpack_shortlink":"https:\/\/wp.me\/p5kJ0p-rZ","jetpack-related-posts":[],"_links":{"self":[{"href":"https:\/\/tesa.mankans.com\/index.php\/wp-json\/wp\/v2\/posts\/1735","targetHints":{"allow":["GET"]}}],"collection":[{"href":"https:\/\/tesa.mankans.com\/index.php\/wp-json\/wp\/v2\/posts"}],"about":[{"href":"https:\/\/tesa.mankans.com\/index.php\/wp-json\/wp\/v2\/types\/post"}],"author":[{"embeddable":true,"href":"https:\/\/tesa.mankans.com\/index.php\/wp-json\/wp\/v2\/users\/1"}],"replies":[{"embeddable":true,"href":"https:\/\/tesa.mankans.com\/index.php\/wp-json\/wp\/v2\/comments?post=1735"}],"version-history":[{"count":1,"href":"https:\/\/tesa.mankans.com\/index.php\/wp-json\/wp\/v2\/posts\/1735\/revisions"}],"predecessor-version":[{"id":1736,"href":"https:\/\/tesa.mankans.com\/index.php\/wp-json\/wp\/v2\/posts\/1735\/revisions\/1736"}],"wp:attachment":[{"href":"https:\/\/tesa.mankans.com\/index.php\/wp-json\/wp\/v2\/media?parent=1735"}],"wp:term":[{"taxonomy":"category","embeddable":true,"href":"https:\/\/tesa.mankans.com\/index.php\/wp-json\/wp\/v2\/categories?post=1735"},{"taxonomy":"post_tag","embeddable":true,"href":"https:\/\/tesa.mankans.com\/index.php\/wp-json\/wp\/v2\/tags?post=1735"}],"curies":[{"name":"wp","href":"https:\/\/api.w.org\/{rel}","templated":true}]}}