{"id":583,"date":"2010-04-28T11:27:31","date_gmt":"2010-04-28T10:27:31","guid":{"rendered":"http:\/\/tesa.mankans.com\/?p=583"},"modified":"2010-04-28T11:27:31","modified_gmt":"2010-04-28T10:27:31","slug":"daligt-och-bra","status":"publish","type":"post","link":"https:\/\/tesa.mankans.com\/index.php\/2010\/04\/28\/daligt-och-bra\/","title":{"rendered":"D\u00e5ligt och bra"},"content":{"rendered":"<p>F\u00f6r ett tag sedan var Magnus till butiken d\u00e4r vi k\u00f6pte v\u00e5r Emmaljunga vagn till Tyra d\u00e5 f\u00e4stet till varukorgen har g\u00e5tt av p\u00e5 ena sidan&#8230;den sitter uppe, men det beh\u00f6vs \u00e5tg\u00e4rdas. D\u00e5 dem inte tidigare sett att upph\u00e4ngingen g\u00e5tt av p\u00e5 det s\u00e4ttet skulle dem se om det gick att reklamera&#8230;.f\u00f6r garantitiden var ju bara ett halv\u00e5r p\u00e5 deras vagnar.\u00a0 Men veckorna gick och ig\u00e5r ringde Magnus f\u00f6r att h\u00f6ra hur det blir. D\u00e5 f\u00e5r vi h\u00f6ra att Emmaljunga s\u00e4ger nej&#8230;f\u00f6r g\u00e5r f\u00e4stet s\u00f6nder beror det p\u00e5 att man packat f\u00f6r tungt i korgen. Vi anv\u00e4nder inte korgen ofta och n\u00e4r den anv\u00e4nds \u00e4r det\u00a0f\u00f6r sk\u00f6tdelen till bl\u00f6jorna och en liten ryggs\u00e4ck med vatten&#8230;s\u00e5 f\u00f6r tungt ska det verkligen inte vara. Vi skulle d\u00e5 helt pl\u00f6tsligt fota korgen och maila till butiken och f\u00f6rklara hur det kunde komma sig att f\u00e4stena g\u00e5tt s\u00f6nder och dessutom b\u00f6rjar dem tjafsa om garantitiden igen. Efter n\u00e5gon timme ringer butiken dock upp Magnus och meddelar att dem byter korgen av &#8221;goodwill&#8221;. S\u00e5 dem ringer n\u00e4r dem f\u00e5tt den nya korgen och d\u00e5 \u00e5ker vi dit och f\u00e5r det fixat :).<br \/>\nDet b\u00e4sta \u00e4r ju att vi f\u00e5r det \u00e5tg\u00e4rdat, det d\u00e5liga \u00e4r ju att garanttiden \u00e4r s\u00e5 kort, en mobiltelefon har b\u00e4ttre garantitid \u00e4n Emmaljungas barnvagnar.<\/p>\n<p>Tror jag ska stanna och gunga med Tyra n\u00e4r vi g\u00e5r fr\u00e5n dagis, man ser att hon tycker det \u00e4r s\u00e5 underbart h\u00e4rligt.<br \/>\nSka jag vara \u00e4rlig tycker jag ocks\u00e5 att det \u00e4r underbart mysigt att slippabeh\u00f6va g\u00e5 hem p\u00e5 en g\u00e5ng.\u00a0<\/p>\n<p>Hoppas ni f\u00e5r en fortsatt trevlig onsdag \ud83d\ude00<\/p>\n","protected":false},"excerpt":{"rendered":"<p>F\u00f6r ett tag sedan var Magnus till butiken d\u00e4r vi k\u00f6pte v\u00e5r Emmaljunga vagn till Tyra d\u00e5 f\u00e4stet till varukorgen har g\u00e5tt av p\u00e5 ena sidan&#8230;den sitter uppe, men det beh\u00f6vs \u00e5tg\u00e4rdas. D\u00e5 dem inte tidigare sett att upph\u00e4ngingen g\u00e5tt &hellip; <a href=\"https:\/\/tesa.mankans.com\/index.php\/2010\/04\/28\/daligt-och-bra\/\">Forts\u00e4tt l\u00e4sa <span class=\"meta-nav\">&rarr;<\/span><\/a><\/p>\n","protected":false},"author":1,"featured_media":0,"comment_status":"open","ping_status":"open","sticky":false,"template":"","format":"standard","meta":{"_jetpack_memberships_contains_paid_content":false,"footnotes":"","jetpack_publicize_message":"","jetpack_publicize_feature_enabled":true,"jetpack_social_post_already_shared":false,"jetpack_social_options":{"image_generator_settings":{"template":"highway","default_image_id":0,"font":"","enabled":false},"version":2}},"categories":[1],"tags":[],"class_list":["post-583","post","type-post","status-publish","format-standard","hentry","category-liteavvarje"],"jetpack_publicize_connections":[],"jetpack_featured_media_url":"","jetpack_sharing_enabled":true,"jetpack_shortlink":"https:\/\/wp.me\/p5kJ0p-9p","jetpack-related-posts":[],"_links":{"self":[{"href":"https:\/\/tesa.mankans.com\/index.php\/wp-json\/wp\/v2\/posts\/583","targetHints":{"allow":["GET"]}}],"collection":[{"href":"https:\/\/tesa.mankans.com\/index.php\/wp-json\/wp\/v2\/posts"}],"about":[{"href":"https:\/\/tesa.mankans.com\/index.php\/wp-json\/wp\/v2\/types\/post"}],"author":[{"embeddable":true,"href":"https:\/\/tesa.mankans.com\/index.php\/wp-json\/wp\/v2\/users\/1"}],"replies":[{"embeddable":true,"href":"https:\/\/tesa.mankans.com\/index.php\/wp-json\/wp\/v2\/comments?post=583"}],"version-history":[{"count":1,"href":"https:\/\/tesa.mankans.com\/index.php\/wp-json\/wp\/v2\/posts\/583\/revisions"}],"predecessor-version":[{"id":584,"href":"https:\/\/tesa.mankans.com\/index.php\/wp-json\/wp\/v2\/posts\/583\/revisions\/584"}],"wp:attachment":[{"href":"https:\/\/tesa.mankans.com\/index.php\/wp-json\/wp\/v2\/media?parent=583"}],"wp:term":[{"taxonomy":"category","embeddable":true,"href":"https:\/\/tesa.mankans.com\/index.php\/wp-json\/wp\/v2\/categories?post=583"},{"taxonomy":"post_tag","embeddable":true,"href":"https:\/\/tesa.mankans.com\/index.php\/wp-json\/wp\/v2\/tags?post=583"}],"curies":[{"name":"wp","href":"https:\/\/api.w.org\/{rel}","templated":true}]}}