{"id":915,"date":"2011-03-04T11:31:56","date_gmt":"2011-03-04T10:31:56","guid":{"rendered":"http:\/\/tesa.mankans.com\/?p=915"},"modified":"2011-03-04T11:31:56","modified_gmt":"2011-03-04T10:31:56","slug":"fredag-3","status":"publish","type":"post","link":"https:\/\/tesa.mankans.com\/index.php\/2011\/03\/04\/fredag-3\/","title":{"rendered":"Fredag"},"content":{"rendered":"<p>Det \u00e4r fredag i dag och det \u00e4r s\u00e5 himla sk\u00f6nt.<br \/>\nJag hoppas den h\u00e4r helgen g\u00e5r i ett lugnt tempo och inte s\u00e5 m\u00e5nga m\u00e5stem. Just nu har vi inget speciellt p\u00e5 agendan och det \u00e4r alldeles underbart k\u00e4nner jag.<br \/>\nDet b\u00f6rjar dra ihop sig lite sm\u00e5tt till Tyras kalas n\u00e4sta helg&#8230;s\u00e5 kanske lite f\u00f6rberedelser inf\u00f6r det kan det h\u00e4nda att det blir.<\/p>\n<p>Hoppas ni f\u00e5r en trevlig helg!<\/p>\n","protected":false},"excerpt":{"rendered":"<p>Det \u00e4r fredag i dag och det \u00e4r s\u00e5 himla sk\u00f6nt. Jag hoppas den h\u00e4r helgen g\u00e5r i ett lugnt tempo och inte s\u00e5 m\u00e5nga m\u00e5stem. Just nu har vi inget speciellt p\u00e5 agendan och det \u00e4r alldeles underbart k\u00e4nner &hellip; <a href=\"https:\/\/tesa.mankans.com\/index.php\/2011\/03\/04\/fredag-3\/\">Forts\u00e4tt l\u00e4sa <span class=\"meta-nav\">&rarr;<\/span><\/a><\/p>\n","protected":false},"author":1,"featured_media":0,"comment_status":"open","ping_status":"open","sticky":false,"template":"","format":"standard","meta":{"_jetpack_memberships_contains_paid_content":false,"footnotes":"","jetpack_publicize_message":"","jetpack_publicize_feature_enabled":true,"jetpack_social_post_already_shared":false,"jetpack_social_options":{"image_generator_settings":{"template":"highway","default_image_id":0,"font":"","enabled":false},"version":2}},"categories":[1],"tags":[],"class_list":["post-915","post","type-post","status-publish","format-standard","hentry","category-liteavvarje"],"jetpack_publicize_connections":[],"jetpack_featured_media_url":"","jetpack_sharing_enabled":true,"jetpack_shortlink":"https:\/\/wp.me\/p5kJ0p-eL","jetpack-related-posts":[],"_links":{"self":[{"href":"https:\/\/tesa.mankans.com\/index.php\/wp-json\/wp\/v2\/posts\/915","targetHints":{"allow":["GET"]}}],"collection":[{"href":"https:\/\/tesa.mankans.com\/index.php\/wp-json\/wp\/v2\/posts"}],"about":[{"href":"https:\/\/tesa.mankans.com\/index.php\/wp-json\/wp\/v2\/types\/post"}],"author":[{"embeddable":true,"href":"https:\/\/tesa.mankans.com\/index.php\/wp-json\/wp\/v2\/users\/1"}],"replies":[{"embeddable":true,"href":"https:\/\/tesa.mankans.com\/index.php\/wp-json\/wp\/v2\/comments?post=915"}],"version-history":[{"count":1,"href":"https:\/\/tesa.mankans.com\/index.php\/wp-json\/wp\/v2\/posts\/915\/revisions"}],"predecessor-version":[{"id":916,"href":"https:\/\/tesa.mankans.com\/index.php\/wp-json\/wp\/v2\/posts\/915\/revisions\/916"}],"wp:attachment":[{"href":"https:\/\/tesa.mankans.com\/index.php\/wp-json\/wp\/v2\/media?parent=915"}],"wp:term":[{"taxonomy":"category","embeddable":true,"href":"https:\/\/tesa.mankans.com\/index.php\/wp-json\/wp\/v2\/categories?post=915"},{"taxonomy":"post_tag","embeddable":true,"href":"https:\/\/tesa.mankans.com\/index.php\/wp-json\/wp\/v2\/tags?post=915"}],"curies":[{"name":"wp","href":"https:\/\/api.w.org\/{rel}","templated":true}]}}