{"id":950,"date":"2011-04-07T12:19:38","date_gmt":"2011-04-07T11:19:38","guid":{"rendered":"http:\/\/tesa.mankans.com\/?p=950"},"modified":"2011-04-07T12:19:38","modified_gmt":"2011-04-07T11:19:38","slug":"inte-gjort-nagot-om","status":"publish","type":"post","link":"https:\/\/tesa.mankans.com\/index.php\/2011\/04\/07\/inte-gjort-nagot-om\/","title":{"rendered":"Inte gjort n\u00e5got om&#8230;"},"content":{"rendered":"<p>Det hade inte gjort n\u00e5got om det hade varit fredag i dag. Nu \u00e4r det inte s\u00e5, utan jobbet kallar en dag till denna vecka. K\u00e4nner att jag \u00e4r tr\u00f6tt den h\u00e4r veckan p\u00e5 morgonen&#8230;i morgon \u00e4r det i alla fall fredag och det k\u00e4nns bra.<br \/>\nF\u00f6rutom att Tyra ska p\u00e5 sitt f\u00f6rsta tandl\u00e4karbes\u00f6k p\u00e5 l\u00f6rdag har vi faktiskt ingenting inplanerat och det k\u00e4nns riktigt bra.<br \/>\nHelgen kommer allts\u00e5 best\u00e5 av bus och mys, det ser i alla fall jag fram emot \ud83d\ude42<\/p>\n","protected":false},"excerpt":{"rendered":"<p>Det hade inte gjort n\u00e5got om det hade varit fredag i dag. Nu \u00e4r det inte s\u00e5, utan jobbet kallar en dag till denna vecka. K\u00e4nner att jag \u00e4r tr\u00f6tt den h\u00e4r veckan p\u00e5 morgonen&#8230;i morgon \u00e4r det i alla &hellip; <a href=\"https:\/\/tesa.mankans.com\/index.php\/2011\/04\/07\/inte-gjort-nagot-om\/\">Forts\u00e4tt l\u00e4sa <span class=\"meta-nav\">&rarr;<\/span><\/a><\/p>\n","protected":false},"author":1,"featured_media":0,"comment_status":"open","ping_status":"open","sticky":false,"template":"","format":"standard","meta":{"_jetpack_memberships_contains_paid_content":false,"footnotes":"","jetpack_publicize_message":"","jetpack_publicize_feature_enabled":true,"jetpack_social_post_already_shared":false,"jetpack_social_options":{"image_generator_settings":{"template":"highway","default_image_id":0,"font":"","enabled":false},"version":2}},"categories":[1],"tags":[],"class_list":["post-950","post","type-post","status-publish","format-standard","hentry","category-liteavvarje"],"jetpack_publicize_connections":[],"jetpack_featured_media_url":"","jetpack_sharing_enabled":true,"jetpack_shortlink":"https:\/\/wp.me\/p5kJ0p-fk","jetpack-related-posts":[],"_links":{"self":[{"href":"https:\/\/tesa.mankans.com\/index.php\/wp-json\/wp\/v2\/posts\/950","targetHints":{"allow":["GET"]}}],"collection":[{"href":"https:\/\/tesa.mankans.com\/index.php\/wp-json\/wp\/v2\/posts"}],"about":[{"href":"https:\/\/tesa.mankans.com\/index.php\/wp-json\/wp\/v2\/types\/post"}],"author":[{"embeddable":true,"href":"https:\/\/tesa.mankans.com\/index.php\/wp-json\/wp\/v2\/users\/1"}],"replies":[{"embeddable":true,"href":"https:\/\/tesa.mankans.com\/index.php\/wp-json\/wp\/v2\/comments?post=950"}],"version-history":[{"count":1,"href":"https:\/\/tesa.mankans.com\/index.php\/wp-json\/wp\/v2\/posts\/950\/revisions"}],"predecessor-version":[{"id":951,"href":"https:\/\/tesa.mankans.com\/index.php\/wp-json\/wp\/v2\/posts\/950\/revisions\/951"}],"wp:attachment":[{"href":"https:\/\/tesa.mankans.com\/index.php\/wp-json\/wp\/v2\/media?parent=950"}],"wp:term":[{"taxonomy":"category","embeddable":true,"href":"https:\/\/tesa.mankans.com\/index.php\/wp-json\/wp\/v2\/categories?post=950"},{"taxonomy":"post_tag","embeddable":true,"href":"https:\/\/tesa.mankans.com\/index.php\/wp-json\/wp\/v2\/tags?post=950"}],"curies":[{"name":"wp","href":"https:\/\/api.w.org\/{rel}","templated":true}]}}